{"id":2877,"date":"2016-10-20T13:03:08","date_gmt":"2016-10-20T13:03:08","guid":{"rendered":"http:\/\/sespas.elsevier.es\/?p=871"},"modified":"2016-10-20T13:03:08","modified_gmt":"2016-10-20T13:03:08","slug":"la-importancia-de-la-dieta-mediterranea-y-su-impacto-en-el-ser-humano-y-en-el-medio-ambiente-del-cual-depende","status":"publish","type":"post","link":"https:\/\/www.campusgacetaeasp.es\/bloginvitado\/2016\/10\/20\/la-importancia-de-la-dieta-mediterranea-y-su-impacto-en-el-ser-humano-y-en-el-medio-ambiente-del-cual-depende\/","title":{"rendered":"La importancia de la dieta mediterr\u00e1nea y su impacto en el ser humano y en el medio ambiente del cual depende"},"content":{"rendered":"<p>El impacto de la dieta mediterr\u00e1nea sobre la salud cardiovascular es incuestionable. El estudio multic\u00e9ntrico PREDIMED, iniciado en octubre de 2003, incluy\u00f3 a m\u00e1s de siete mil pacientes sin manifestaciones cl\u00ednicas de enfermedad cardiovascular, pero con un elevado riesgo de presentarlas porque padec\u00edan diabetes o presentaban tres o m\u00e1s factores de riesgo. Dividieron a los participantes de forma aleatoria en tres grupos de intervenci\u00f3n: a) una dieta mediterr\u00e1nea suplementada con aceite de oliva virgen extra; b) una dieta mediterr\u00e1nea suplementada con frutos secos (nueces, avellanas y almendras); y c) una dieta control, baja en todo tipo de grasa.<\/p>\n<p>Tras casi 5 a\u00f1os de seguimiento, los dos grupos de dieta mediterr\u00e1nea presentaron una reducci\u00f3n del 30% en el riesgo de sufrir una complicaci\u00f3n cardiovascular (infarto de miocardio, accidente vascular cerebral o muerte de causa cardiovascular), comparado con el grupo control bajo en grasa (1).<\/p>\n<p><img loading=\"lazy\" decoding=\"async\" class=\"aligncenter  wp-image-872\" src=\"https:\/\/www.campusgacetaeasp.es\/bloginvitado\/wp-content\/uploads\/2022\/10\/PREDIMED.png\" alt=\"PREDIMED\" width=\"544\" height=\"333\" \/><\/p>\n<p>Con este estudio demostraron, con el m\u00e1ximo nivel de evidencia cient\u00edfica, que una dieta mediterr\u00e1nea suplementada con aceite de oliva o frutos secos es muy eficaz en la prevenci\u00f3n de la enfermedad cardiovascular.<\/p>\n<p>Tambi\u00e9n merece la pena destacar la eficacia de esta dieta sobre la incidencia de nuevos casos de diabetes (2). Observaron que el grupo que sigui\u00f3 la dieta mediterr\u00e1nea suplementada con aceite de oliva virgen presentaba una reducci\u00f3n del 40% en el riesgo de desarrollar diabetes, comparado con el grupo control.<\/p>\n<p>Adem\u00e1s, advirtieron cambios favorables en otros factores de riesgo vascular (presi\u00f3n arterial, perfil lip\u00eddico y marcadores de oxidaci\u00f3n e inflamaci\u00f3n), regresi\u00f3n de las lesiones arterioscler\u00f3ticas medidas por t\u00e9cnicas de imagen como la ultrasonograf\u00eda y la resonancia magn\u00e9tica tras dos a\u00f1os de intervenci\u00f3n con dieta mediterr\u00e1nea, y reducci\u00f3n del riesgo gen\u00e9tico de presentar determinadas patolog\u00edas, como el efecto adverso del polimorfismo TCF7L2 rs7903146 (C&gt;T) sobre los factores de riesgo vascular (glucemia y perfil lip\u00eddico) y, lo m\u00e1s importante, sobre la incidencia de accidente vascular cerebral.<\/p>\n<p>Por todo ello, la dieta mediterr\u00e1nea tradicional es un pilar fundamental en la prevenci\u00f3n y tratamiento de patolog\u00edas cr\u00f3nicas como las enfermedades cardiovasculares, la diabetes, el c\u00e1ncer y las enfermedades neurodegenerativas.<\/p>\n<p>No obstante, el efecto protector de esta dieta podr\u00eda aumentarse a\u00fan m\u00e1s si se cambia el aceite de oliva com\u00fan por virgen extra, se aumenta el consumo de frutos secos, pescado azul, fruta, verdura y legumbres, se sustituye el pan y cereales refinados por integrales, se mantiene un consumo moderado de vino (siempre con las comidas), se reduce la ingesta de sal y de carnes, especialmente la roja, y se evita el consumo de refrescos azucarados, boller\u00eda y dulces industriales.<\/p>\n<p>Asimismo, debemos entender el estudio PREDIMED como un ejercicio ejemplar de integraci\u00f3n de la investigaci\u00f3n biom\u00e9dica de mayor nivel internacional en la Atenci\u00f3n Primaria de Salud. La Atenci\u00f3n Primaria de siete comunidades aut\u00f3nomas espa\u00f1olas (Andaluc\u00eda, Baleares, Canarias, Catalu\u00f1a, Comunidad Valenciana, Navarra y Pa\u00eds Vasco) ha supuesto la plataforma de reclutamiento e intervenci\u00f3n de los pacientes del PREDIMED y tambi\u00e9n de la captaci\u00f3n de los m\u00e1s de 6.000 participantes del actual PREDIMED-PLUS. Sin la implicaci\u00f3n de los equipos de Atenci\u00f3n Primaria estos estudios no ser\u00edan factibles.<\/p>\n<p>Con estas investigaciones constatamos la importancia de la alimentaci\u00f3n y de otros h\u00e1bitos y estilos de vida saludables en la Salud P\u00fablica y que frecuentemente son m\u00e1s trascendentes que la propia farmacolog\u00eda. Ello pone de relieve la necesidad de formar a los equipos de Atenci\u00f3n Primaria en temas de alimentaci\u00f3n y nutrici\u00f3n, integrar profesionales de la Diet\u00e9tica y la Nutrici\u00f3n en los equipos, y desarrollar pol\u00edticas nutricionales encaminadas a favorecer un sistema alimentario que promueva e incentive la dieta mediterr\u00e1nea.<\/p>\n<p>En este camino, los logros de investigaci\u00f3n cosechados por el equipo del estudio PREDIMED se podr\u00e1n transformar en mejoras tangibles para todos los usuarios del Sistema Nacional de Salud.<\/p>\n<p>\u00bfQu\u00e9 impacto medioambiental tiene la dieta mediterr\u00e1nea?<\/p>\n<p>Percibamos a la dieta mediterr\u00e1nea, no solo como un conjunto de alimentos, sino como una cultura sobre las formas de producir y elaborar los alimentos.<\/p>\n<p>Existen m\u00faltiples ejemplos de c\u00f3mo el abandono de pr\u00e1cticas tradicionales de cultivo, ganader\u00eda y pesca afectan a la sostenibilidad en s\u00ed misma y a la protecci\u00f3n de la biodiversidad. Consideremos no solo los cambios del ecosistema que produce la industria alimentaria; pensemos que se calcula que un kilogramo de carne precisa de una tonelada de cereales para su producci\u00f3n; y aderecemos todo esto con el efecto invernadero provocado por las emisiones de gases de la industria alimentaria, de las inmensas \u00e1reas de cultivo necesarias para tanta producci\u00f3n o el correspondiente consumo de agua. Es muy probable que lleguemos a la conclusi\u00f3n de que producen inevitablemente cambios clim\u00e1ticos.<\/p>\n<p>Por el contrario, la dieta mediterr\u00e1nea es un modelo alimentario con muy bajo impacto medioambiental en comparaci\u00f3n con la dieta occidental y puede considerarse tambi\u00e9n como un elemento fundamental en la agenda para la lucha contra el cambio clim\u00e1tico (3).<\/p>\n<p>Un paso adecuado es actuar sobre el proceso de globalizaci\u00f3n de la llamada dieta occidental tomando el camino de favorecer los alimentos poco procesados, frescos, de temporada y cultivados y obtenidos localmente. A esta conclusi\u00f3n se ha llegado fruto del estudio de los \u201csiete pa\u00edses\u201d, iniciado por Ancel Keys.<\/p>\n<p>Ejemplos procedentes de este concepto de alimentaci\u00f3n sostenible est\u00e1n las iniciativas \u201cglocalizadoras\u201d* como la de \u201cPon a Gran Canaria en tu plato\u201d (<a href=\"http:\/\/www.youtube.com\/watch?v=UC4Au7w_8xo&amp;sns=em\">http:\/\/www.youtube.com\/watch?v=UC4Au7w_8xo&amp;sns=em<\/a>) (4). Este mensaje casa con la conocida como la \u201csoberan\u00eda alimentaria\u201d. Conceptualizada en 1996, se define como la facultad de cada pueblo para definir sus propias pol\u00edticas agrarias y alimentarias de acuerdo a objetivos de desarrollo sostenible y seguridad alimentaria. Implica proteger el mercado dom\u00e9stico contra los productos excedentarios que se venden m\u00e1s baratos en el mercado internacional, y contra la pr\u00e1ctica de la venta por debajo de los costos de producci\u00f3n.<\/p>\n<p>La dieta mediterr\u00e1nea re\u00fane muchas de estas caracter\u00edsticas de sostenibilidad y de protecci\u00f3n de la biodiversidad, del medio ambiente y de \u201csoberan\u00eda alimentaria\u201d, adem\u00e1s, de ser muy adaptable a las econom\u00edas de los ciudadanos.<\/p>\n<p>De ah\u00ed la iniciativa que culmin\u00f3 en noviembre de 2010 con su inclusi\u00f3n en la lista de patrimonio cultural inmaterial de la humanidad de la UNESCO.<\/p>\n<p>Es necesario crear un puente \u00e9tico al futuro entre la supervivencia de la especie humana y el medio ambiente del cual depende. Debemos ver el entorno m\u00e1s all\u00e1 de su utilitarismo inmediato. Adoptar un modo de ser de ciudadano ecol\u00f3gico, un modo de ser en el mundo donde mantengamos un equilibrio entre el dominio del medio y una adecuada coexistencia.<\/p>\n<p>&nbsp;<\/p>\n<p>* Glocalizaci\u00f3n: Global + Local = Glocal; glocalizaci\u00f3n es un movimiento antiglobalizaci\u00f3n haciendo que lo que realmente se globalice en cada lugar del mundo sean sus propias identidades culturales locales.<\/p>\n<p>Llu\u00eds Serra Majem (Universidad de Las Palmas de Gran Canaria) y Juan Antonio Garc\u00eda Pastor (Sociedad Canaria de Salud P\u00fablica).<\/p>\n<p>&nbsp;<\/p>\n<p>Bibliograf\u00eda.<\/p>\n<ol>\n<li>Estruch R, Ros E, Salas-Salvad\u00f3 J, et al. Primary prevention of cardiovascular disease with a Mediterranean diet. N Engl J Med. 2013; 368:1279-90<\/li>\n<li>Salas-Salvado J, Bullo M, Estruch R, et al. Prevention of diabetes with Mediterranean diets. Ann Intern Med. 2014;160:1-10<\/li>\n<li>S\u00e1ez-Almendros S, Obrador B, Bach-Faig A, Serra-Majem L. Environmental footprints of Mediterranean versus Western dietary patterns: beyond the health benefits of the Mediterranean diet. Environ Health 2013;12:118<\/li>\n<li>V\u00eddeo del Proyecto \u00abLa isla en tu Plato\u00bb. Instituto Universitario de Investigaciones Biom\u00e9dicas y Sanitarias &#8211; IUIBS y el Grupo de Nutrici\u00f3n &#8211; ULPGC de la ULPGC, la Fundaci\u00f3n para la Investigacion Nutricional y la Academia Espa\u00f1ola de Nutrici\u00f3n y Ciencias de la Alimentaci\u00f3n. Difunde el Dec\u00e1logo por una Alimentaci\u00f3n Sostenible en la Comunidad con motivo del D\u00eda Mundial de la Alimentaci\u00f3n 2016<\/li>\n<\/ol>\n<p>&nbsp;<\/p>\n<p>&nbsp;<\/p>\n","protected":false},"excerpt":{"rendered":"<p>El impacto de la dieta mediterr\u00e1nea sobre la salud cardiovascular es incuestionable. El estudio multic\u00e9ntrico PREDIMED, iniciado en octubre de 2003, incluy\u00f3 a m\u00e1s de siete mil pacientes sin manifestaciones cl\u00ednicas de enfermedad cardiovascular, pero con un elevado riesgo de presentarlas porque padec\u00edan diabetes o presentaban tres o m\u00e1s factores de riesgo. Dividieron a los [&hellip;]<\/p>\n","protected":false},"author":7,"featured_media":2945,"comment_status":"open","ping_status":"open","sticky":false,"template":"","format":"standard","meta":{"site-sidebar-layout":"default","site-content-layout":"","ast-site-content-layout":"default","site-content-style":"default","site-sidebar-style":"default","ast-global-header-display":"","ast-banner-title-visibility":"","ast-main-header-display":"","ast-hfb-above-header-display":"","ast-hfb-below-header-display":"","ast-hfb-mobile-header-display":"","site-post-title":"","ast-breadcrumbs-content":"","ast-featured-img":"","footer-sml-layout":"","theme-transparent-header-meta":"","adv-header-id-meta":"","stick-header-meta":"","header-above-stick-meta":"","header-main-stick-meta":"","header-below-stick-meta":"","astra-migrate-meta-layouts":"default","ast-page-background-enabled":"default","ast-page-background-meta":{"desktop":{"background-color":"var(--ast-global-color-4)","background-image":"","background-repeat":"repeat","background-position":"center center","background-size":"auto","background-attachment":"scroll","background-type":"","background-media":"","overlay-type":"","overlay-color":"","overlay-opacity":"","overlay-gradient":""},"tablet":{"background-color":"","background-image":"","background-repeat":"repeat","background-position":"center center","background-size":"auto","background-attachment":"scroll","background-type":"","background-media":"","overlay-type":"","overlay-color":"","overlay-opacity":"","overlay-gradient":""},"mobile":{"background-color":"","background-image":"","background-repeat":"repeat","background-position":"center center","background-size":"auto","background-attachment":"scroll","background-type":"","background-media":"","overlay-type":"","overlay-color":"","overlay-opacity":"","overlay-gradient":""}},"ast-content-background-meta":{"desktop":{"background-color":"var(--ast-global-color-5)","background-image":"","background-repeat":"repeat","background-position":"center center","background-size":"auto","background-attachment":"scroll","background-type":"","background-media":"","overlay-type":"","overlay-color":"","overlay-opacity":"","overlay-gradient":""},"tablet":{"background-color":"var(--ast-global-color-5)","background-image":"","background-repeat":"repeat","background-position":"center center","background-size":"auto","background-attachment":"scroll","background-type":"","background-media":"","overlay-type":"","overlay-color":"","overlay-opacity":"","overlay-gradient":""},"mobile":{"background-color":"var(--ast-global-color-5)","background-image":"","background-repeat":"repeat","background-position":"center center","background-size":"auto","background-attachment":"scroll","background-type":"","background-media":"","overlay-type":"","overlay-color":"","overlay-opacity":"","overlay-gradient":""}},"footnotes":""},"categories":[145],"tags":[349,350,351,352],"class_list":["post-2877","post","type-post","status-publish","format-standard","has-post-thumbnail","hentry","category-blog-sociedades-sespas","tag-dieta-mediterranea","tag-glocalizacion","tag-soberania-alimentaria","tag-sociedad-canaria-de-salud-publica"],"_links":{"self":[{"href":"https:\/\/www.campusgacetaeasp.es\/bloginvitado\/wp-json\/wp\/v2\/posts\/2877","targetHints":{"allow":["GET"]}}],"collection":[{"href":"https:\/\/www.campusgacetaeasp.es\/bloginvitado\/wp-json\/wp\/v2\/posts"}],"about":[{"href":"https:\/\/www.campusgacetaeasp.es\/bloginvitado\/wp-json\/wp\/v2\/types\/post"}],"author":[{"embeddable":true,"href":"https:\/\/www.campusgacetaeasp.es\/bloginvitado\/wp-json\/wp\/v2\/users\/7"}],"replies":[{"embeddable":true,"href":"https:\/\/www.campusgacetaeasp.es\/bloginvitado\/wp-json\/wp\/v2\/comments?post=2877"}],"version-history":[{"count":0,"href":"https:\/\/www.campusgacetaeasp.es\/bloginvitado\/wp-json\/wp\/v2\/posts\/2877\/revisions"}],"wp:featuredmedia":[{"embeddable":true,"href":"https:\/\/www.campusgacetaeasp.es\/bloginvitado\/wp-json\/wp\/v2\/media\/2945"}],"wp:attachment":[{"href":"https:\/\/www.campusgacetaeasp.es\/bloginvitado\/wp-json\/wp\/v2\/media?parent=2877"}],"wp:term":[{"taxonomy":"category","embeddable":true,"href":"https:\/\/www.campusgacetaeasp.es\/bloginvitado\/wp-json\/wp\/v2\/categories?post=2877"},{"taxonomy":"post_tag","embeddable":true,"href":"https:\/\/www.campusgacetaeasp.es\/bloginvitado\/wp-json\/wp\/v2\/tags?post=2877"}],"curies":[{"name":"wp","href":"https:\/\/api.w.org\/{rel}","templated":true}]}}