{"id":2672,"date":"2018-03-01T18:14:07","date_gmt":"2018-03-01T18:14:07","guid":{"rendered":"http:\/\/bloggaceta.elsevier.es\/?p=1284"},"modified":"2018-03-01T18:14:07","modified_gmt":"2018-03-01T18:14:07","slug":"exito-contra-el-asbesto-en-brasil","status":"publish","type":"post","link":"https:\/\/www.campusgacetaeasp.es\/bloginvitado\/2018\/03\/01\/exito-contra-el-asbesto-en-brasil\/","title":{"rendered":"\u00c9xito contra el asbesto en Brasil"},"content":{"rendered":"<p>El Supremo Tribunal Federal, instancia m\u00e1s elevada del sistema judicial brasile\u00f1o, concluy\u00f3, el 29 de noviembre de 2017, el juicio sobre el uso del asbesto, manifest\u00e1ndose favorable al mantenimiento de la ley del estado de R\u00edo de Janeiro que proh\u00edbe el uso del material. Siendo esta decisi\u00f3n vinculante, todos los dem\u00e1s estados brasile\u00f1os fueron impedidos a adoptar leyes que permitan la extracci\u00f3n, industrializaci\u00f3n, comercializaci\u00f3n y la distribuci\u00f3n de la fibra tipo crisotilo, forma del asbesto utilizada en Brasil. En la pr\u00e1ctica, esta decisi\u00f3n resulta en la prohibici\u00f3n total del asbesto en Brasil.<sup>1<\/sup><\/p>\n<p>El amianto \u00a0ha sido intensamente utilizado en la industria brasile\u00f1a por su abundancia y bajo costo de explotaci\u00f3n, aliados a propiedades como elevada resistencia mec\u00e1nica, flexibilidad, capacidad aislante e incombustibilidad. Brasil se encontraba entre los mayores productores, consumidores y exportadores mundiales de asbesto. La \u00fanica mina todav\u00eda en actividad en el Pa\u00eds se sit\u00faa en el municipio de Mina\u00e7u, en el estado de Goi\u00e1s. La mayor parte del material era usado en Brasil por la industria de fibrocemento, para la fabricaci\u00f3n de tejas y cajas de agua.<sup>2<\/sup><\/p>\n<p>Aunque representantes de la industria defend\u00edan que el tipo de asbesto usado en Brasil (crisotilo) pose\u00eda alto nivel de seguridad en todas las etapas del proceso, desde la extracci\u00f3n hasta la comercializaci\u00f3n, las entidades de la salud p\u00fablica alertaban, con base a la literatura cient\u00edfica, que no hay posibilidad de uso seguro del material, reconocidamente cancer\u00edgeno para los seres humanos en todas sus formas.<sup>3<\/sup><\/p>\n<p>La decisi\u00f3n del Supremo Tribunal Federal se bas\u00f3 en los principios de la Constituci\u00f3n Federal de 1988, seg\u00fan los cuales la salud es un derecho social de todos y deber del Estado. En la interpretaci\u00f3n de la mayor\u00eda de los jueces del Supremo Tribunal Federal, la salud no se reduce a mero car\u00e1cter asistencial, abarca tambi\u00e9n el derecho a la prevenci\u00f3n, incluso en el lugar de trabajo.<sup>4<\/sup><\/p>\n<p>Conforme documento por la prohibici\u00f3n del uso del amianto en Brasil, firmado en 2012 por instituciones y organizaciones defensoras de la salud p\u00fablica en el pa\u00eds: \u00abEntre 1975 y 2005, el mercado brasile\u00f1o consumi\u00f3 5 millones de toneladas, traducido en producci\u00f3n, transformaci\u00f3n (productos de cemento-amianto y otros cientos), instalaci\u00f3n, remoci\u00f3n y descarte. Entre 2008 y 2010 la producci\u00f3n aument\u00f3, as\u00ed como la importaci\u00f3n y el consumo interno. En 2010, el consumo estimado fue de 0,9 Kg\/brasile\u00f1o. Estos productos se dispersan por el medio ambiente. No es necesario esfuerzo para entender que el problema extrapola el lugar de trabajo. La posibilidad de que un ciudadano se exponga al amianto, as\u00ed como a otros carcin\u00f3genos reconocidos, aumenta en la proporci\u00f3n de su uso.\u201d<sup>5<\/sup><\/p>\n<p>En este contexto, existen importantes retos relacionados con la permanencia de toneladas de fibras del asbesto esparcidas por el pa\u00eds y que contin\u00faan ofreciendo riesgos de contaminaci\u00f3n a las personas y al ambiente. Se debe asegurar tambi\u00e9n el tratamiento adecuado a las personas que vengan a enfermarse por el amianto, sin que para ello sea necesario recurrir al sistema judicial, evitando sufrimiento adicional para ellas. Es necesario tambi\u00e9n el desarrollo de un sistema de vigilancia, tanto para monitorear la ocurrencia de enfermedades relacionadas al asbesto, teniendo en vista que la asbestosis y los diversos tipos de c\u00e1ncer causados por la exposici\u00f3n al asbesto tardan muchos a\u00f1os para manifestarse, como para la elaboraci\u00f3n de un plan para la eliminaci\u00f3n del asbesto del ambiente, principalmente por medio de la sustituci\u00f3n de cajas de agua y tejas de amianto, que representan potencial riesgo a la salud de sus usuarios.<\/p>\n<p>Antes de Brasil, m\u00e1s de 70 pa\u00edses ya hab\u00edan prohibido el uso del amianto, incluyendo aquellos pertenecientes a la Uni\u00f3n Europea y pa\u00edses vecinos a Brasil, como Argentina, Uruguay y Chile. En Espa\u00f1a, el uso del asbesto fue prohibido en 2001, sin embargo el pa\u00eds a\u00fan carga con elevados costos derivados de los da\u00f1os a la salud causados por el uso del material.<sup>6<\/sup><\/p>\n<p>Otros pa\u00edses de Am\u00e9rica Latina todav\u00eda luchan por la prohibici\u00f3n del asbesto. En este sentido, se destaca la iniciativa de \u201cGaceta Sanitaria\u201d para la divulgaci\u00f3n y la concienciaci\u00f3n global anti-asbesto. Esta iniciativa incluye un editorial publicado en 2017<sup>7<\/sup> y un video informativo sobre las consecuencias nocivas a la salud por el uso del asbesto, disponible en el link:\u00a0<a href=\"https:\/\/www.youtube.com\/watch?v=Wj6jGgvKiEY\">https:\/\/www.youtube.com\/watch?v=Wj6jGgvKiEY<\/a>.<\/p>\n<p>Esta iniciativa denominada \u00a0\u201cLlamamiento global a la acci\u00f3n: campa\u00f1a anti-asbesto\u201d, cuenta con el apoyo de SESPAS (Sociedad Espa\u00f1ola de Salud P\u00fablica y Administraci\u00f3n Sanitaria)(<a href=\"https:\/\/www.sespas.es\/\">https:\/\/www.sespas.es\/<\/a>), que invita a otras instituciones de salud p\u00fablica, especialmente de Am\u00e9rica Latina, a unirse a esta iniciativa liderada por Gaceta Sanitaria y a constituir una alianza coordinada para conseguir ampliar las zonas libres de asbesto. En este sentido, se ha presentado una \u201cPolicy Resolution\u201d a la WFPHA (World Federation of Public Health Associations) (https:\/\/www.wfpha.org\/) para reforzar las acciones anti-asbesto a nivel internacional.<\/p>\n<p>La colaboraci\u00f3n de otras revistas cient\u00edficas y de asociaciones e instituciones gubernamentales ser\u00eda de gran ayuda para visibilizar el problema, aumentar la conciencia p\u00fablica y pol\u00edtica y abordar una soluci\u00f3n.\u201d<sup>8<\/sup><\/p>\n<p>Se conocen las estrategias de la industria para la publicaci\u00f3n de art\u00edculos favorables a sus intereses en revistas cient\u00edficas y para la desconsideraci\u00f3n de las evidencias sobre los da\u00f1os a la salud causados por determinados productos, a ejemplo del amianto, as\u00ed como del tabaco. Sin embargo, cada vez m\u00e1s pa\u00edses se adhieren a la prohibici\u00f3n del amianto, alineados a las evidencias irrefutables sobre los da\u00f1os a la salud humana y al ambiente causados por \u00e9l. Los esfuerzos deben continuar hasta que se alcance la prohibici\u00f3n mundial del asbesto.<\/p>\n<p>&nbsp;<\/p>\n<p><img loading=\"lazy\" decoding=\"async\" class=\"size-full wp-image-1165 alignleft\" src=\"https:\/\/www.campusgacetaeasp.es\/bloginvitado\/wp-content\/uploads\/2022\/10\/LeilaGarcia.png\" alt=\"LeilaGarcia\" width=\"244\" height=\"185\" \/><\/p>\n<p><strong>Leila Posenato Garcia*<\/strong><\/p>\n<p><strong>Investigadora del Instituto de Investigaci\u00f3n Econ\u00f3mica Aplicada (Instituto de Pesquisa Econ\u00f4mica Aplicada \u2013 Ipea, Brasil)<\/strong><\/p>\n<p><em>*Las opiniones expresadas en este art\u00edculo son la \u00fanica y exclusiva responsabilidad de la autora y no necesariamente reflejan las opiniones del Instituto de Investigaci\u00f3n Econ\u00f3mica Aplicada (Ipea).<\/em><\/p>\n<p>&nbsp;<\/p>\n<p>&nbsp;<\/p>\n<p><strong>Referencias:<\/strong><\/p>\n<p>1 \u2013 Supremo Tribunal Federal. STF reafirma inconstitucionalidade de dispositivo que permitia extra\u00e7\u00e3o de amianto crisotila.<\/p>\n<p><a href=\"http:\/\/www.stf.jus.br\/portal\/cms\/verNoticiaDetalhe.asp?idConteudo=363263\">http:\/\/www.stf.jus.br\/portal\/cms\/verNoticiaDetalhe.asp?idConteudo=363263<\/a><\/p>\n<p>2 \u2013 Instituto Nacional do C\u00e2ncer Jos\u00e9 Alencar Gomes da Silva. Preven\u00e7\u00e3o e fatores de risco: amianto. <a href=\"http:\/\/www2.inca.gov.br\/wps\/wcm\/connect\/cancer\/site\/prevencao-fatores-de-risco\/amianto\">http:\/\/www2.inca.gov.br\/wps\/wcm\/connect\/cancer\/site\/prevencao-fatores-de-risco\/amianto<\/a><\/p>\n<p>3 &#8211; LaDou J, Castleman B, Frank A, et al. The Case for a Global Ban on Asbestos. Environmental Health Perspectives. 2010;118(7):897-901. doi:10.1289\/ehp.1002285.<\/p>\n<p>4 &#8211; Relatora vota pela inconstitucionalidade de norma que permite produ\u00e7\u00e3o de amianto. http:\/\/www.stf.jus.br\/portal\/cms\/verNoticiaDetalhe.asp?idConteudo=352838<\/p>\n<p>5 &#8211; Associa\u00e7\u00e3o Brasileira de Sa\u00fade Coletiva \u2013 Abrasco. Amianto: a pol\u00eamica do \u00f3bvio. <a href=\"https:\/\/www.abrasco.org.br\/UserFiles\/File\/Asbesto2012.pdf\">https:\/\/www.abrasco.org.br\/UserFiles\/File\/Asbesto2012.pdf<\/a><\/p>\n<p>6 \u2013 <a href=\"https:\/\/www.ncbi.nlm.nih.gov\/pubmed\/?term=G%C3%B3mez%20MG%5BAuthor%5D&amp;cauthor=true&amp;cauthor_uid=22177335\">G\u00f3mez MG<\/a>,\u00a0<a href=\"https:\/\/www.ncbi.nlm.nih.gov\/pubmed\/?term=Casta%C3%B1eda%20R%5BAuthor%5D&amp;cauthor=true&amp;cauthor_uid=22177335\">Casta\u00f1eda R<\/a>,\u00a0<a href=\"https:\/\/www.ncbi.nlm.nih.gov\/pubmed\/?term=L%C3%B3pez%20VG%5BAuthor%5D&amp;cauthor=true&amp;cauthor_uid=22177335\">L\u00f3pez VG<\/a>, et al. \u00a0Evaluation of the national health surveillance program of workers previously exposed to asbestos in Spain (2008). <a href=\"https:\/\/www.ncbi.nlm.nih.gov\/pubmed\/22177335\">Gac Sanit.<\/a>\u00a02012 Jan-Feb;26(1):45-50. doi: 10.1016\/j.gaceta.2011.06.012. Epub 2011 Dec 15.<\/p>\n<p>7 &#8211; Accinelli RA, L\u00f3pez LM. El asbesto, una epidemia todav\u00eda por controlar. Gac Sanit 2017;31:365-7 &#8211; Vol. 31 N\u00fam.5. <a href=\"http:\/\/www.gacetasanitaria.org\/es\/el-asbesto-una-epidemia-todavia\/articulo\/S0213911117301231\/\">http:\/\/www.gacetasanitaria.org\/es\/el-asbesto-una-epidemia-todavia\/articulo\/S0213911117301231\/<\/a><\/p>\n<p>8 &#8211; Sociedad Espa\u00f1ola de Sanidad Ambiental. Llamamiento global a la acci\u00f3n: campa\u00f1a anti-asbesto. <a href=\"http:\/\/www.sanidadambiental.com\/2017\/09\/22\/llamamiento-global-a-la-accion-campana-anti-asbesto\/\">http:\/\/www.sanidadambiental.com\/2017\/09\/22\/llamamiento-global-a-la-accion-campana-anti-asbesto\/<\/a><\/p>\n","protected":false},"excerpt":{"rendered":"<p>El Supremo Tribunal Federal, instancia m\u00e1s elevada del sistema judicial brasile\u00f1o, concluy\u00f3, el 29 de noviembre de 2017, el juicio sobre el uso del asbesto, manifest\u00e1ndose favorable al mantenimiento de la ley del estado de R\u00edo de Janeiro que proh\u00edbe el uso del material. Siendo esta decisi\u00f3n vinculante, todos los dem\u00e1s estados brasile\u00f1os fueron impedidos [&hellip;]<\/p>\n","protected":false},"author":7,"featured_media":2802,"comment_status":"open","ping_status":"open","sticky":false,"template":"","format":"standard","meta":{"site-sidebar-layout":"default","site-content-layout":"","ast-site-content-layout":"default","site-content-style":"default","site-sidebar-style":"default","ast-global-header-display":"","ast-banner-title-visibility":"","ast-main-header-display":"","ast-hfb-above-header-display":"","ast-hfb-below-header-display":"","ast-hfb-mobile-header-display":"","site-post-title":"","ast-breadcrumbs-content":"","ast-featured-img":"","footer-sml-layout":"","theme-transparent-header-meta":"","adv-header-id-meta":"","stick-header-meta":"","header-above-stick-meta":"","header-main-stick-meta":"","header-below-stick-meta":"","astra-migrate-meta-layouts":"default","ast-page-background-enabled":"default","ast-page-background-meta":{"desktop":{"background-color":"var(--ast-global-color-4)","background-image":"","background-repeat":"repeat","background-position":"center center","background-size":"auto","background-attachment":"scroll","background-type":"","background-media":"","overlay-type":"","overlay-color":"","overlay-opacity":"","overlay-gradient":""},"tablet":{"background-color":"","background-image":"","background-repeat":"repeat","background-position":"center center","background-size":"auto","background-attachment":"scroll","background-type":"","background-media":"","overlay-type":"","overlay-color":"","overlay-opacity":"","overlay-gradient":""},"mobile":{"background-color":"","background-image":"","background-repeat":"repeat","background-position":"center center","background-size":"auto","background-attachment":"scroll","background-type":"","background-media":"","overlay-type":"","overlay-color":"","overlay-opacity":"","overlay-gradient":""}},"ast-content-background-meta":{"desktop":{"background-color":"var(--ast-global-color-5)","background-image":"","background-repeat":"repeat","background-position":"center center","background-size":"auto","background-attachment":"scroll","background-type":"","background-media":"","overlay-type":"","overlay-color":"","overlay-opacity":"","overlay-gradient":""},"tablet":{"background-color":"var(--ast-global-color-5)","background-image":"","background-repeat":"repeat","background-position":"center center","background-size":"auto","background-attachment":"scroll","background-type":"","background-media":"","overlay-type":"","overlay-color":"","overlay-opacity":"","overlay-gradient":""},"mobile":{"background-color":"var(--ast-global-color-5)","background-image":"","background-repeat":"repeat","background-position":"center center","background-size":"auto","background-attachment":"scroll","background-type":"","background-media":"","overlay-type":"","overlay-color":"","overlay-opacity":"","overlay-gradient":""}},"footnotes":""},"categories":[144],"tags":[208,222,118],"class_list":["post-2672","post","type-post","status-publish","format-standard","has-post-thumbnail","hentry","category-blog-del-comite-editorial","tag-asbesto","tag-brasil","tag-salud-publica"],"_links":{"self":[{"href":"https:\/\/www.campusgacetaeasp.es\/bloginvitado\/wp-json\/wp\/v2\/posts\/2672","targetHints":{"allow":["GET"]}}],"collection":[{"href":"https:\/\/www.campusgacetaeasp.es\/bloginvitado\/wp-json\/wp\/v2\/posts"}],"about":[{"href":"https:\/\/www.campusgacetaeasp.es\/bloginvitado\/wp-json\/wp\/v2\/types\/post"}],"author":[{"embeddable":true,"href":"https:\/\/www.campusgacetaeasp.es\/bloginvitado\/wp-json\/wp\/v2\/users\/7"}],"replies":[{"embeddable":true,"href":"https:\/\/www.campusgacetaeasp.es\/bloginvitado\/wp-json\/wp\/v2\/comments?post=2672"}],"version-history":[{"count":0,"href":"https:\/\/www.campusgacetaeasp.es\/bloginvitado\/wp-json\/wp\/v2\/posts\/2672\/revisions"}],"wp:featuredmedia":[{"embeddable":true,"href":"https:\/\/www.campusgacetaeasp.es\/bloginvitado\/wp-json\/wp\/v2\/media\/2802"}],"wp:attachment":[{"href":"https:\/\/www.campusgacetaeasp.es\/bloginvitado\/wp-json\/wp\/v2\/media?parent=2672"}],"wp:term":[{"taxonomy":"category","embeddable":true,"href":"https:\/\/www.campusgacetaeasp.es\/bloginvitado\/wp-json\/wp\/v2\/categories?post=2672"},{"taxonomy":"post_tag","embeddable":true,"href":"https:\/\/www.campusgacetaeasp.es\/bloginvitado\/wp-json\/wp\/v2\/tags?post=2672"}],"curies":[{"name":"wp","href":"https:\/\/api.w.org\/{rel}","templated":true}]}}