{"id":1670,"date":"2020-02-24T00:00:16","date_gmt":"2020-02-24T00:00:16","guid":{"rendered":"http:\/\/bloggaceta.elsevier.es\/?p=1670"},"modified":"2020-02-24T00:00:16","modified_gmt":"2020-02-24T00:00:16","slug":"la-igualdad-de-genero-y-el-cambio-climatico-una-relacion-por-construir","status":"publish","type":"post","link":"https:\/\/www.campusgacetaeasp.es\/bloginvitado\/2020\/02\/24\/la-igualdad-de-genero-y-el-cambio-climatico-una-relacion-por-construir\/","title":{"rendered":"La igualdad de g\u00e9nero y el cambio clim\u00e1tico. Una relaci\u00f3n por construir"},"content":{"rendered":"\n<p>Mar\u00eda Teresa Ru\u00edz Cantero<\/p>\n\n\n\n<p>A\ntrav\u00e9s de los medios de comunicaci\u00f3n, el pasado diciembre hemos tenido\nabundantes noticias sobre la Cumbre del Clima celebrada en Madrid, y sobre la\nrelevancia del calentamiento global del planeta y sus consecuencias. Espa\u00f1a es\nuno de los pa\u00edses que mediante sus instituciones pol\u00edticas estatales ha\nmostrado un grado de ambici\u00f3n considerable en estos \u00faltimos 2 a\u00f1os. Junto con\notros organismos y agencias de la Organizaci\u00f3n de Naciones Unidas (ONU), Espa\u00f1a\ninsta a los Estados a asumir un mayor grado de compromiso en el desarrollo de\npol\u00edticas para alcanzar los valores establecidos por la Organizaci\u00f3n Mundial de\nla Salud sobre calidad del aire, y a trabajar para conseguir la igualdad de\ng\u00e9nero y el empoderamiento de las mujeres y las ni\u00f1as como componente esencial\nde las acciones de lucha contra el cambio clim\u00e1tico (CC). <\/p>\n\n\n\n<p>Hay 2 respuestas pol\u00edticas al CC, las que tienen el objetivo de la <em>mitigaci\u00f3n<\/em> y las centradas en la <em>adaptaci\u00f3n<\/em> (<a href=\"#ref\">1-4<\/a>). La mitigaci\u00f3n se refiere a las pol\u00edticas que tienen el objetivo de recudir las emisiones de CO<sub>2 <\/sub>para frenar la rapidez del CC. La reducci\u00f3n del 80% de las emisiones de CO<sub>2<\/sub> para el a\u00f1o 2050 es com\u00fan en los pa\u00edses desarrollados y es la meta de las negociaciones internacionales sobre medioambiente. Conseguirlo depende de cambios sociales y econ\u00f3micos lentos, impopulares y dif\u00edciles de realizar pol\u00edticamente. As\u00ed que junto con el trabajo en mitigaci\u00f3n de los efectos del CC, quienes toman decisiones pol\u00edticas est\u00e1n pensando en c\u00f3mo afrontar el impacto del CC en los pr\u00f3ximos 50 a\u00f1os, pues si la poblaci\u00f3n no est\u00e1 preparada, no ser\u00e1 capaz de adaptarse, y las consecuencias pol\u00edticas ser\u00e1n graves. <\/p>\n\n\n\n<p>La Cumbre se ha centrado en \u00e1reas prioritarias como los progresos en los \u00e1mbitos de la mitigaci\u00f3n y la adaptaci\u00f3n y los medios puestos en marcha, para aumentar la capacidad de las personas para adaptarse a la escasez de agua, a temperaturas altas y erosiones en las costas entre otros factores de estr\u00e9s clim\u00e1tico.<\/p>\n\n\n\n<figure class=\"wp-block-image\"><img loading=\"lazy\" decoding=\"async\" width=\"1024\" height=\"768\" src=\"https:\/\/www.campusgacetaeasp.es\/bloginvitado\/wp-content\/uploads\/2022\/10\/la-foto-1-3-1024x768.jpg\" alt=\"\" class=\"wp-image-1679\"\/><figcaption>Adaptaci\u00f3n y Mitigaci\u00f3n. Las 2 estrategias contra el calentamiento global del planeta<\/figcaption><\/figure>\n\n\n\n<p>Como sabemos tambi\u00e9n por los medios de comunicaci\u00f3n, los principales problemas de la Cumbre fueron el mercado de carbono, la financiaci\u00f3n y el plan de g\u00e9nero. \u00c9ste \u00faltimo fue apoyado por pocos pa\u00edses al inicio de la Cumbre; entre ellos Espa\u00f1a. Pero, apenas contaba con respaldo de la mayor\u00eda de los pa\u00edses, que ni quer\u00edan negociarlo, al no reconocer los diferentes efectos del CC sobre las mujeres y los hombres, y mucho menos aceptar el planteamiento de la ONU de que un liderazgo de acciones a favor del clima por parte de las mujeres es m\u00e1s eficaz. No obstante, la\u00a0ONU no estuvo dispuesta a la eliminaci\u00f3n o vaciado de objetivos y contenidos del plan existente, entendiendo que significaba un importante retroceso en la lucha por la equidad de g\u00e9nero. Finalmente, en el proceso hacia un mundo libre de emisiones se ha aprobado el Plan de g\u00e9nero que estar\u00e1 vigente hasta el 2025, en el que se ha acordado un plan de acci\u00f3n para desarrollar medidas que den respuesta al efecto desigual del CC en mujeres y ni\u00f1as, y a promover el papel de las mujeres como agentes de cambio, y con m\u00e1s participaci\u00f3n en la negociaci\u00f3n internacional, as\u00ed como, teniendo un papel activo en la toma de decisi\u00f3n a nivel nacional (ver <a href=\"https:\/\/www.miteco.gob.es\/es\/prensa\/20191215_np_cop25_final_tcm30-505711.pdf\">nota de prensa<\/a>).<\/p>\n\n\n\n<p>El valor a\u00f1adido de la incorporaci\u00f3n de la perspectiva de g\u00e9nero en el CC es el apoyo a la igualdad, la efectividad, y la eficiencia. Sin embargo, existe un choque de perspectivas de c\u00f3mo desarrollar las pol\u00edticas de mitigaci\u00f3n y adaptaci\u00f3n. Por una parte, en los c\u00edrculos de pol\u00edticas ecol\u00f3gicas, hay un discurso dominante de la modernizaci\u00f3n ecol\u00f3gica que tiene un enfoque del lado de la oferta y uso de tecnolog\u00edas avanzadas que prometen ser altamente rentables, dependientes de la cooperaci\u00f3n entre gobiernos y empresas. Es por este motivo que otra de las \u00e1reas prioritarias de la Cumbre es una mayor implicaci\u00f3n del sector privado como actor clave en la transici\u00f3n ecol\u00f3gica. Por otra parte, el feminismo argumenta que las mujeres han tendido a enfocar su inter\u00e9s en la dimensi\u00f3n social m\u00e1s que en la tecnolog\u00eda. Los discursos de estilos de vida sostenibles, consumo \u00e9tico, y el principio de precauci\u00f3n para la seguridad humana tienden a reflejar los intereses de las mujeres (<a href=\"#ref\">5<\/a>).<\/p>\n\n\n\n<p>Otras de las \u00e1reas prioritarias destacadas en la Cumbre es la de la ciencia como base de las negociaciones clim\u00e1ticas. Si se trata de tomar decisiones sobre medidas relacionadas con el CC en base a la evidencia cient\u00edfica, podemos afirmar a partir de una exploraci\u00f3n sobre el CC en PUBMED, que el n\u00famero de registros ha aumentado en los \u00faltimos 10 a\u00f1os, aunque siguen siendo escasos; pues han pasado de 1.608 art\u00edculos, lo que supone el 0,18% del total de art\u00edculos registrados en el a\u00f1o 2009, a 7.316, 0,52% en 2019. La aportaci\u00f3n en espa\u00f1ol era y es escasa, 29 art\u00edculos sobre CC en 2009 (0,003% del total), aunque aumentando en 2019 a 441 art\u00edculos (0,03%). Respecto a la inclusi\u00f3n del t\u00e9rmino \u201cg\u00e9nero\u201d en el total de publicaciones sobre CC es del 1,6% (sin cambios en estos 10 a\u00f1os). La contribuci\u00f3n en espa\u00f1ol sobre CC y g\u00e9nero ha aumentado m\u00e1s en este tiempo (2,26%), irrelevante en todo caso, pues estamos hablando de 1 art\u00edculo en 2009 a 10 en 2019.<\/p>\n\n\n\n<p>Hay\nm\u00e1s publicaciones sobre las estrategias de adaptaci\u00f3n entre los pa\u00edses en\ndesarrollo, mientras que los pa\u00edses desarrollados se centran m\u00e1s en estrategias\nde mitigaci\u00f3n. Sin embargo, las metodolog\u00edas de estos estudios suelen ser descriptivas.\nLas que comparan las conductas por sexo con relaci\u00f3n al CC son las m\u00e1s\nfrecuentes, pero son escasos los an\u00e1lisis de la interacci\u00f3n de razones sociales\n(ingresos, edad, localizaci\u00f3n geogr\u00e1fica) que subyacen en las diferencias.\nAdem\u00e1s, esta aproximaci\u00f3n por sexo, que no desde la perspectiva de g\u00e9nero, puede\nreforzar la existencia de estereotipos como que los hombres dejan m\u00e1s huella clim\u00e1tica\nque las mujeres, que las mujeres son m\u00e1s cuidadoras del ambiente que los\nhombres y por lo tanto producen menos emisiones, y que los hombres tienen m\u00e1s\nconocimiento que las mujeres en temas t\u00e9cnicos, incluyendo los relacionados con\nel CC (<a href=\"http:\/\/genderedinnovations.stanford.edu\/case-studies\/climate.html\">http:\/\/genderedinnovations.stanford.edu\/case-studies\/climate.html<\/a>). <\/p>\n\n\n\n<p>Faltan evidencias de m\u00faltiples aspectos sobre el CC y la salud desde la perspectiva de g\u00e9nero ya que el principal objeto de estudio hasta el momento ha sido solo el impacto directo en la salud. La perspectiva de g\u00e9nero a\u00f1ade an\u00e1lisis que faltan, como el impacto del CC en las desigualdades de g\u00e9nero en salud, e informaci\u00f3n sobre la promoci\u00f3n de la participaci\u00f3n de las mujeres y la aplicabilidad de la equidad de g\u00e9nero para contribuir a la mitigaci\u00f3n y adaptaci\u00f3n al CC, y sobre el empoderamiento de las mujeres relacionados con el CC. (<a href=\"#ref\">6<\/a>)<\/p>\n\n\n\n<p>La manera en que las mujeres han podido entrar en la esfera de la toma de decisiones de las agendas del CC es objeto de reflexi\u00f3n, al haberlo hecho por la v\u00eda de crear y recrear sujetos \u201cv\u00edctimas\u201d, en concreto sobre la mayor vulnerabilidad de las mujeres. Tanto es as\u00ed, que las propias mujeres de los pa\u00edses en desarrollo conscientes, se apropian de nombres como \u201clas vulnerables\u201d para sus Organizaciones. Con el fin de contrarrestar la imagen de las mujeres como v\u00edctimas impotentes del estr\u00e9s clim\u00e1tico y los desastres naturales, las investigadoras feministas han documentado las diversas estrategias a corto y largo plazo que las mujeres han utilizado para adaptarse y resistir las duras condiciones ambientales y la marginaci\u00f3n pol\u00edtica. En esta literatura, se analiza el conocimiento ind\u00edgena de g\u00e9nero de las mujeres derivado de su proximidad al mundo natural, mediante pr\u00e1cticas agr\u00edcolas cotidianas. Tambi\u00e9n se est\u00e1 trabajando en organizaciones ambientales internacionales de mujeres y en el modesto \u00e9xito que han tenido en sus esfuerzos por incluir el g\u00e9nero en la agenda de los responsables pol\u00edticos de la ONU. (<a href=\"#ref\">5<\/a>) <\/p>\n\n\n\n<p>Queda\ntrabajo por hacer. Comparaci\u00f3n del alcance de objetivos sobre CC dependiendo si\nlas estrategias son de \u00e1mbito local, nacionales o internacional; si de base\nindividual o multinivel; de ONGs o de entidades privadas; o si son top-down o\nbottom-up. Falta m\u00e1s informaci\u00f3n detallada sobre los diferentes patrones por\nsexo y de g\u00e9nero, por ejemplo de acceso a las energ\u00edas, al consumo y las\nemisiones.&nbsp; Adem\u00e1s, desde la perspectiva de g\u00e9nero, se critican ciertos discursos\nsobre el CC que refuerzan los roles tradicionales y las desigualdades de\ng\u00e9nero, y discursos excluyentes que no contemplan pr\u00e1cticas invisibles de\nadaptaci\u00f3n, y modificaciones invisibles de roles de g\u00e9nero. El CC puede y debe ser\npara las mujeres una oportunidad m\u00e1s que un riesgo de mayor vulnerabilidad. <\/p>\n\n\n\n<p>Finalizar\ncon una idea, a mi entender realista y mesurada, escuchada en la Sesi\u00f3n\n\u201cExploring climate change through gender equity and equality\u201d del Congreso\nInternational de la Royal Geographical Society de 2014: \u201cEs preciso abrir\nespacios de reflexi\u00f3n sobre nuestra condici\u00f3n de seres vulnerables, y sobre la\narrogancia de la idea de que podemos poner medidas de mitigaci\u00f3n y de resiliencia\nal calentamiento global del planeta\u201d.<\/p>\n\n\n\n<p id=\"ref\">Bibliograf\u00eda.<\/p>\n\n\n\n<p>1. <a href=\"https:\/\/pubmed.ncbi.nlm.nih.gov\/?term=Parry+L&amp;cauthor_id=31481245\">Parry<\/a>\u00a0L, <a href=\"https:\/\/pubmed.ncbi.nlm.nih.gov\/?term=Radel+C&amp;cauthor_id=31481245\">Radel<\/a>\u00a0Cl,\u00a0<a href=\"https:\/\/pubmed.ncbi.nlm.nih.gov\/?term=Adamo+SB&amp;cauthor_id=31481245\">Adamo<\/a>\u00a0SB, <a href=\"https:\/\/pubmed.ncbi.nlm.nih.gov\/?term=Clark+N&amp;cauthor_id=31481245\">Clark<\/a>\u00a0 N,\u00a0<a href=\"https:\/\/pubmed.ncbi.nlm.nih.gov\/?term=Counterman+M&amp;cauthor_id=31481245\">Counterman<\/a>\u00a0M,\u00a0<a href=\"https:\/\/pubmed.ncbi.nlm.nih.gov\/?term=Flores-Yeffal+N&amp;cauthor_id=31481245\">Flores-Yeffal<\/a>\u00a0N, et al. <a href=\"https:\/\/www.ncbi.nlm.nih.gov\/pubmed\/31481245\">The (In)visible Health Risks of Climate Change<\/a>. Soc Sci Med 2019;\u00a0241, 112448.<\/p>\n\n\n\n<p>2. <a href=\"https:\/\/pubmed.ncbi.nlm.nih.gov\/?term=Anderson+R&amp;cauthor_id=32057694\">Anderson<\/a> R,\u00a0Bayer PhE, Edwards D. <a href=\"https:\/\/www.ncbi.nlm.nih.gov\/pubmed\/32057694\">Climate Change and the Need for Agricultural Adaptation<\/a>. Curr Opin Plant Biol 2020 [Online ahead of print]<\/p>\n\n\n\n<p>3. <a href=\"https:\/\/pubmed.ncbi.nlm.nih.gov\/?term=Goodman+B&amp;cauthor_id=25443102\">Goodman<\/a> B. <a href=\"https:\/\/www.ncbi.nlm.nih.gov\/pubmed\/25443102\">The Debate on Climate Change and Health in the Context of Ecological Public Health: A Necessary Corrective to Costello Et Al.&#8217;s &#8216;Biggest Global Health Threat&#8217;, or Co-Opted Apologists for the Neoliberal Hegemony?<\/a> Public Health 2014; 128: 1059-65.<\/p>\n\n\n\n<p>4. Haigh Ch, Vallely B for Women\u2019s Environmental Network. <a href=\"https:\/\/www.gdnonline.org\/resources\/Gender%20and%20the%20climate%20change%20agenda%2021.pdf\">Gender and the climate change agenda. The impacts of climate change on women and public policy.<\/a> Women\u2019s Environmental Network, 2010.<\/p>\n\n\n\n<p>5. MacGregor Sh. <a href=\"https:\/\/journals.sagepub.com\/doi\/abs\/10.1111\/j.1467-954X.2010.01889.x\">A stranger silence still: the need for feminist social research on climate change<\/a>. Sociol rev 2009; 57: 124-40. <\/p>\n\n\n\n<p>6. Usera ML, Ruiz Cantero MT, Gil Gonz\u00e1lez D, Carrasco Porti\u00f1o M. <a href=\"http:\/\/conference.rgs.org\/AC2014\/36\">Exploring climate change through gender equity and equality. RGS-IBG Annual International Conference 2014<\/a>. Geographies of co-production. London, 2014.<\/p>\n\n\n\n<figure class=\"wp-block-image is-resized\"><img loading=\"lazy\" decoding=\"async\" src=\"https:\/\/www.campusgacetaeasp.es\/bloginvitado\/wp-content\/uploads\/2022\/10\/Foto-1.jpg\" alt=\"\" class=\"wp-image-1675\" width=\"211\" height=\"276\"\/><figcaption>Mar\u00eda Teresa Ruiz Cantero. Grupo de Investigaci\u00f3n de Salud P\u00fablica. Universidad de Alicante<\/figcaption><\/figure>\n","protected":false},"excerpt":{"rendered":"<p>Mar\u00eda Teresa Ru\u00edz Cantero A trav\u00e9s de los medios de comunicaci\u00f3n, el pasado diciembre hemos tenido abundantes noticias sobre la Cumbre del Clima celebrada en Madrid, y sobre la relevancia del calentamiento global del planeta y sus consecuencias. Espa\u00f1a es uno de los pa\u00edses que mediante sus instituciones pol\u00edticas estatales ha mostrado un grado de [&hellip;]<\/p>\n","protected":false},"author":7,"featured_media":2802,"comment_status":"open","ping_status":"open","sticky":false,"template":"","format":"standard","meta":{"site-sidebar-layout":"default","site-content-layout":"","ast-site-content-layout":"default","site-content-style":"default","site-sidebar-style":"default","ast-global-header-display":"","ast-banner-title-visibility":"","ast-main-header-display":"","ast-hfb-above-header-display":"","ast-hfb-below-header-display":"","ast-hfb-mobile-header-display":"","site-post-title":"","ast-breadcrumbs-content":"","ast-featured-img":"","footer-sml-layout":"","theme-transparent-header-meta":"","adv-header-id-meta":"","stick-header-meta":"","header-above-stick-meta":"","header-main-stick-meta":"","header-below-stick-meta":"","astra-migrate-meta-layouts":"default","ast-page-background-enabled":"default","ast-page-background-meta":{"desktop":{"background-color":"var(--ast-global-color-4)","background-image":"","background-repeat":"repeat","background-position":"center center","background-size":"auto","background-attachment":"scroll","background-type":"","background-media":"","overlay-type":"","overlay-color":"","overlay-opacity":"","overlay-gradient":""},"tablet":{"background-color":"","background-image":"","background-repeat":"repeat","background-position":"center center","background-size":"auto","background-attachment":"scroll","background-type":"","background-media":"","overlay-type":"","overlay-color":"","overlay-opacity":"","overlay-gradient":""},"mobile":{"background-color":"","background-image":"","background-repeat":"repeat","background-position":"center center","background-size":"auto","background-attachment":"scroll","background-type":"","background-media":"","overlay-type":"","overlay-color":"","overlay-opacity":"","overlay-gradient":""}},"ast-content-background-meta":{"desktop":{"background-color":"var(--ast-global-color-5)","background-image":"","background-repeat":"repeat","background-position":"center center","background-size":"auto","background-attachment":"scroll","background-type":"","background-media":"","overlay-type":"","overlay-color":"","overlay-opacity":"","overlay-gradient":""},"tablet":{"background-color":"var(--ast-global-color-5)","background-image":"","background-repeat":"repeat","background-position":"center center","background-size":"auto","background-attachment":"scroll","background-type":"","background-media":"","overlay-type":"","overlay-color":"","overlay-opacity":"","overlay-gradient":""},"mobile":{"background-color":"var(--ast-global-color-5)","background-image":"","background-repeat":"repeat","background-position":"center center","background-size":"auto","background-attachment":"scroll","background-type":"","background-media":"","overlay-type":"","overlay-color":"","overlay-opacity":"","overlay-gradient":""}},"footnotes":""},"categories":[144],"tags":[204,265,269,270],"class_list":["post-1670","post","type-post","status-publish","format-standard","has-post-thumbnail","hentry","category-blog-del-comite-editorial","tag-cambio-climatico","tag-desigualdades-de-genero-en-salud","tag-ecofeminismo","tag-equidad-en-salud"],"_links":{"self":[{"href":"https:\/\/www.campusgacetaeasp.es\/bloginvitado\/wp-json\/wp\/v2\/posts\/1670","targetHints":{"allow":["GET"]}}],"collection":[{"href":"https:\/\/www.campusgacetaeasp.es\/bloginvitado\/wp-json\/wp\/v2\/posts"}],"about":[{"href":"https:\/\/www.campusgacetaeasp.es\/bloginvitado\/wp-json\/wp\/v2\/types\/post"}],"author":[{"embeddable":true,"href":"https:\/\/www.campusgacetaeasp.es\/bloginvitado\/wp-json\/wp\/v2\/users\/7"}],"replies":[{"embeddable":true,"href":"https:\/\/www.campusgacetaeasp.es\/bloginvitado\/wp-json\/wp\/v2\/comments?post=1670"}],"version-history":[{"count":1,"href":"https:\/\/www.campusgacetaeasp.es\/bloginvitado\/wp-json\/wp\/v2\/posts\/1670\/revisions"}],"predecessor-version":[{"id":2993,"href":"https:\/\/www.campusgacetaeasp.es\/bloginvitado\/wp-json\/wp\/v2\/posts\/1670\/revisions\/2993"}],"wp:featuredmedia":[{"embeddable":true,"href":"https:\/\/www.campusgacetaeasp.es\/bloginvitado\/wp-json\/wp\/v2\/media\/2802"}],"wp:attachment":[{"href":"https:\/\/www.campusgacetaeasp.es\/bloginvitado\/wp-json\/wp\/v2\/media?parent=1670"}],"wp:term":[{"taxonomy":"category","embeddable":true,"href":"https:\/\/www.campusgacetaeasp.es\/bloginvitado\/wp-json\/wp\/v2\/categories?post=1670"},{"taxonomy":"post_tag","embeddable":true,"href":"https:\/\/www.campusgacetaeasp.es\/bloginvitado\/wp-json\/wp\/v2\/tags?post=1670"}],"curies":[{"name":"wp","href":"https:\/\/api.w.org\/{rel}","templated":true}]}}